{"id":1371,"date":"2022-09-26T08:26:12","date_gmt":"2022-09-26T07:26:12","guid":{"rendered":"https:\/\/medved.alfain.eu\/alfa-in-a-s-the-leader-of-the-vysocina-region\/"},"modified":"2022-09-26T08:26:12","modified_gmt":"2022-09-26T07:26:12","slug":"alfa-in-a-s-the-leader-of-the-vysocina-region","status":"publish","type":"post","link":"https:\/\/medved.alfain.eu\/en\/alfa-in-a-s-the-leader-of-the-vysocina-region\/","title":{"rendered":"ALFA IN a.s. THE LEADER of the Vyso\u010dina region"},"content":{"rendered":"\n<p>Our company won 1st place in the prestigious &#8220;CZECH LEADER 2020&#8221; award in the Vyso\u010dina region.<\/p>\n\n<p>We became the winners of the \u010cESK\u00dd L\u00cdDR 2020 competition for the Vyso\u010dina region. Here is a link to the video of the announcement, which unfortunately had to take place only online due to the corona virus epidemic without direct participation and meeting with the individual leaders.<\/p>\n\n<figure class=\"wp-block-embed-youtube wp-block-embed is-type-video is-provider-youtube wp-embed-aspect-16-9 wp-has-aspect-ratio\"><div class=\"wp-block-embed__wrapper\">\n<iframe title=\"OCEN\u011aN\u00cd \u010cESK\u00ddCH L\u00cdDR\u016e 2020: SLAVNOSTN\u00cd VYHL\u00c1\u0160EN\u00cd V\u00ddSLEDK\u016e\" width=\"500\" height=\"281\" data-src=\"https:\/\/www.youtube.com\/embed\/-fUTslzSdiQ?start=1997&#038;feature=oembed\" frameborder=\"0\" allow=\"accelerometer; autoplay; clipboard-write; encrypted-media; gyroscope; picture-in-picture; web-share\" referrerpolicy=\"strict-origin-when-cross-origin\" allowfullscreen src=\"data:image\/svg+xml;base64,PHN2ZyB3aWR0aD0iMSIgaGVpZ2h0PSIxIiB4bWxucz0iaHR0cDovL3d3dy53My5vcmcvMjAwMC9zdmciPjwvc3ZnPg==\" class=\"lazyload\" data-load-mode=\"1\"><\/iframe>\n<\/div><\/figure>\n\n<p>We are happy to be part of the BUILDING A PROUD Czechia project<\/p>\n\n<p><a href=\"https:\/\/www.oceneniceskychlidru.cz\/videos\/detail?gpage=145&amp;videoId=144\" target=\"_blank\" rel=\"noreferrer noopener\">The result of Czech leaders in 2020 in the Vyso\u010dina region<\/a><\/p>\r\n\n<p><\/p>\n","protected":false},"excerpt":{"rendered":"<p>We became the Czech leader in the Vyso\u010dina region for 2020<\/p>\n","protected":false},"author":3,"featured_media":401,"comment_status":"closed","ping_status":"closed","sticky":false,"template":"","format":"standard","meta":{"_acf_changed":false,"inline_featured_image":false,"footnotes":""},"categories":[2,24],"tags":[],"class_list":["post-1371","post","type-post","status-publish","format-standard","has-post-thumbnail","hentry","category-uncategorized","category-video-en"],"acf":[],"yoast_head":"<!-- This site is optimized with the Yoast SEO plugin v27.5 - https:\/\/yoast.com\/product\/yoast-seo-wordpress\/ -->\n<title>ALFA IN a.s. THE LEADER of the Vyso\u010dina region | MEDVED Power Generator<\/title>\n<meta name=\"description\" content=\"We became the leader of the Vyso\u010dina region for 2020\" \/>\n<meta name=\"robots\" content=\"index, follow, max-snippet:-1, max-image-preview:large, max-video-preview:-1\" \/>\n<link rel=\"canonical\" href=\"https:\/\/medved.alfain.eu\/en\/alfa-in-a-s-the-leader-of-the-vysocina-region\/\" \/>\n<meta property=\"og:locale\" content=\"en_US\" \/>\n<meta property=\"og:type\" content=\"article\" \/>\n<meta property=\"og:title\" content=\"Czech leader in the Vyso\u010dina region in 2020\" \/>\n<meta property=\"og:description\" content=\"Czech leader\" \/>\n<meta property=\"og:url\" content=\"https:\/\/medved.alfain.eu\/en\/alfa-in-a-s-the-leader-of-the-vysocina-region\/\" \/>\n<meta property=\"og:site_name\" content=\"MEDVED Power Generator\" \/>\n<meta property=\"article:publisher\" content=\"https:\/\/www.facebook.com\/ALFAINcz\" \/>\n<meta property=\"article:author\" content=\"www,facebook.com\/alfaincz\" \/>\n<meta property=\"article:published_time\" content=\"2022-09-26T07:26:12+00:00\" \/>\n<meta property=\"og:image\" content=\"https:\/\/medved.alfain.eu\/files\/uploads\/sites\/5\/2020\/12\/Vlasta_foto.jpg\" \/>\n\t<meta property=\"og:image:width\" content=\"1512\" \/>\n\t<meta property=\"og:image:height\" content=\"1512\" \/>\n\t<meta property=\"og:image:type\" content=\"image\/jpeg\" \/>\n<meta name=\"author\" content=\"Radek Seemann\" \/>\n<meta name=\"twitter:card\" content=\"summary_large_image\" \/>\n<script type=\"application\/ld+json\" class=\"yoast-schema-graph\">{\"@context\":\"https:\\\/\\\/schema.org\",\"@graph\":[{\"@type\":\"Article\",\"@id\":\"https:\\\/\\\/medved.alfain.eu\\\/en\\\/alfa-in-a-s-the-leader-of-the-vysocina-region\\\/#article\",\"isPartOf\":{\"@id\":\"https:\\\/\\\/medved.alfain.eu\\\/en\\\/alfa-in-a-s-the-leader-of-the-vysocina-region\\\/\"},\"author\":{\"name\":\"Radek Seemann\",\"@id\":\"https:\\\/\\\/medved.alfain.eu\\\/en\\\/#\\\/schema\\\/person\\\/ea146f39b4256120e86e6f35a8538cfd\"},\"headline\":\"ALFA IN a.s. THE LEADER of the Vyso\u010dina region\",\"datePublished\":\"2022-09-26T07:26:12+00:00\",\"mainEntityOfPage\":{\"@id\":\"https:\\\/\\\/medved.alfain.eu\\\/en\\\/alfa-in-a-s-the-leader-of-the-vysocina-region\\\/\"},\"wordCount\":112,\"publisher\":{\"@id\":\"https:\\\/\\\/medved.alfain.eu\\\/en\\\/#organization\"},\"image\":{\"@id\":\"https:\\\/\\\/medved.alfain.eu\\\/en\\\/alfa-in-a-s-the-leader-of-the-vysocina-region\\\/#primaryimage\"},\"thumbnailUrl\":\"https:\\\/\\\/medved.alfain.eu\\\/files\\\/uploads\\\/sites\\\/5\\\/2020\\\/12\\\/Vlasta_foto.jpg\",\"articleSection\":{\"1\":\"Video\"},\"inLanguage\":\"en-US\"},{\"@type\":\"WebPage\",\"@id\":\"https:\\\/\\\/medved.alfain.eu\\\/en\\\/alfa-in-a-s-the-leader-of-the-vysocina-region\\\/\",\"url\":\"https:\\\/\\\/medved.alfain.eu\\\/en\\\/alfa-in-a-s-the-leader-of-the-vysocina-region\\\/\",\"name\":\"ALFA IN a.s. THE LEADER of the Vyso\u010dina region | MEDVED Power Generator\",\"isPartOf\":{\"@id\":\"https:\\\/\\\/medved.alfain.eu\\\/en\\\/#website\"},\"primaryImageOfPage\":{\"@id\":\"https:\\\/\\\/medved.alfain.eu\\\/en\\\/alfa-in-a-s-the-leader-of-the-vysocina-region\\\/#primaryimage\"},\"image\":{\"@id\":\"https:\\\/\\\/medved.alfain.eu\\\/en\\\/alfa-in-a-s-the-leader-of-the-vysocina-region\\\/#primaryimage\"},\"thumbnailUrl\":\"https:\\\/\\\/medved.alfain.eu\\\/files\\\/uploads\\\/sites\\\/5\\\/2020\\\/12\\\/Vlasta_foto.jpg\",\"datePublished\":\"2022-09-26T07:26:12+00:00\",\"description\":\"We became the leader of the Vyso\u010dina region for 2020\",\"breadcrumb\":{\"@id\":\"https:\\\/\\\/medved.alfain.eu\\\/en\\\/alfa-in-a-s-the-leader-of-the-vysocina-region\\\/#breadcrumb\"},\"inLanguage\":\"en-US\",\"potentialAction\":[{\"@type\":\"ReadAction\",\"target\":[\"https:\\\/\\\/medved.alfain.eu\\\/en\\\/alfa-in-a-s-the-leader-of-the-vysocina-region\\\/\"]}]},{\"@type\":\"ImageObject\",\"inLanguage\":\"en-US\",\"@id\":\"https:\\\/\\\/medved.alfain.eu\\\/en\\\/alfa-in-a-s-the-leader-of-the-vysocina-region\\\/#primaryimage\",\"url\":\"https:\\\/\\\/medved.alfain.eu\\\/files\\\/uploads\\\/sites\\\/5\\\/2020\\\/12\\\/Vlasta_foto.jpg\",\"contentUrl\":\"https:\\\/\\\/medved.alfain.eu\\\/files\\\/uploads\\\/sites\\\/5\\\/2020\\\/12\\\/Vlasta_foto.jpg\",\"width\":1512,\"height\":1512},{\"@type\":\"BreadcrumbList\",\"@id\":\"https:\\\/\\\/medved.alfain.eu\\\/en\\\/alfa-in-a-s-the-leader-of-the-vysocina-region\\\/#breadcrumb\",\"itemListElement\":[{\"@type\":\"ListItem\",\"position\":1,\"name\":\"HOME\",\"item\":\"https:\\\/\\\/medved.alfain.eu\\\/en\\\/\"},{\"@type\":\"ListItem\",\"position\":2,\"name\":\"ALFA IN a.s. THE LEADER of the Vyso\u010dina region\"}]},{\"@type\":\"WebSite\",\"@id\":\"https:\\\/\\\/medved.alfain.eu\\\/en\\\/#website\",\"url\":\"https:\\\/\\\/medved.alfain.eu\\\/en\\\/\",\"name\":\"Medved\",\"description\":\"power generator, sources of electrical energy, automatic starts\",\"publisher\":{\"@id\":\"https:\\\/\\\/medved.alfain.eu\\\/en\\\/#organization\"},\"potentialAction\":[{\"@type\":\"SearchAction\",\"target\":{\"@type\":\"EntryPoint\",\"urlTemplate\":\"https:\\\/\\\/medved.alfain.eu\\\/en\\\/?s={search_term_string}\"},\"query-input\":{\"@type\":\"PropertyValueSpecification\",\"valueRequired\":true,\"valueName\":\"search_term_string\"}}],\"inLanguage\":\"en-US\"},{\"@type\":\"Organization\",\"@id\":\"https:\\\/\\\/medved.alfain.eu\\\/en\\\/#organization\",\"name\":\"Alfa In a.s.\",\"url\":\"https:\\\/\\\/medved.alfain.eu\\\/en\\\/\",\"logo\":{\"@type\":\"ImageObject\",\"inLanguage\":\"en-US\",\"@id\":\"https:\\\/\\\/medved.alfain.eu\\\/en\\\/#\\\/schema\\\/logo\\\/image\\\/\",\"url\":\"https:\\\/\\\/medved.alfain.eu\\\/files\\\/uploads\\\/sites\\\/5\\\/2020\\\/11\\\/logo.svg\",\"contentUrl\":\"https:\\\/\\\/medved.alfain.eu\\\/files\\\/uploads\\\/sites\\\/5\\\/2020\\\/11\\\/logo.svg\",\"width\":200,\"height\":93,\"caption\":\"Alfa In a.s.\"},\"image\":{\"@id\":\"https:\\\/\\\/medved.alfain.eu\\\/en\\\/#\\\/schema\\\/logo\\\/image\\\/\"},\"sameAs\":[\"https:\\\/\\\/www.facebook.com\\\/ALFAINcz\",\"https:\\\/\\\/www.instagram.com\\\/ALFAINcz\",\"https:\\\/\\\/www.youtube.com\\\/ALFAINas\"]},{\"@type\":\"Person\",\"@id\":\"https:\\\/\\\/medved.alfain.eu\\\/en\\\/#\\\/schema\\\/person\\\/ea146f39b4256120e86e6f35a8538cfd\",\"name\":\"Radek Seemann\",\"image\":{\"@type\":\"ImageObject\",\"inLanguage\":\"en-US\",\"@id\":\"https:\\\/\\\/secure.gravatar.com\\\/avatar\\\/6f55c5b5badc2bf62dc52a936d522ec4c26375fe2597293a56b4130bb2fc65b9?s=96&d=mm&r=g\",\"url\":\"https:\\\/\\\/secure.gravatar.com\\\/avatar\\\/6f55c5b5badc2bf62dc52a936d522ec4c26375fe2597293a56b4130bb2fc65b9?s=96&d=mm&r=g\",\"contentUrl\":\"https:\\\/\\\/secure.gravatar.com\\\/avatar\\\/6f55c5b5badc2bf62dc52a936d522ec4c26375fe2597293a56b4130bb2fc65b9?s=96&d=mm&r=g\",\"caption\":\"Radek Seemann\"},\"sameAs\":[\"http:\\\/\\\/www.alfain.eu\",\"www,facebook.com\\\/alfaincz\",\"www.instagram.com\\\/alfaincz\",\"www.youtube.com\\\/alfainas\"],\"url\":\"https:\\\/\\\/medved.alfain.eu\\\/en\\\/author\\\/seemann\\\/\"}]}<\/script>\n<!-- \/ Yoast SEO plugin. -->","yoast_head_json":{"title":"ALFA IN a.s. THE LEADER of the Vyso\u010dina region | MEDVED Power Generator","description":"We became the leader of the Vyso\u010dina region for 2020","robots":{"index":"index","follow":"follow","max-snippet":"max-snippet:-1","max-image-preview":"max-image-preview:large","max-video-preview":"max-video-preview:-1"},"canonical":"https:\/\/medved.alfain.eu\/en\/alfa-in-a-s-the-leader-of-the-vysocina-region\/","og_locale":"en_US","og_type":"article","og_title":"Czech leader in the Vyso\u010dina region in 2020","og_description":"Czech leader","og_url":"https:\/\/medved.alfain.eu\/en\/alfa-in-a-s-the-leader-of-the-vysocina-region\/","og_site_name":"MEDVED Power Generator","article_publisher":"https:\/\/www.facebook.com\/ALFAINcz","article_author":"www,facebook.com\/alfaincz","article_published_time":"2022-09-26T07:26:12+00:00","og_image":[{"width":1512,"height":1512,"url":"https:\/\/medved.alfain.eu\/files\/uploads\/sites\/5\/2020\/12\/Vlasta_foto.jpg","type":"image\/jpeg"}],"author":"Radek Seemann","twitter_card":"summary_large_image","schema":{"@context":"https:\/\/schema.org","@graph":[{"@type":"Article","@id":"https:\/\/medved.alfain.eu\/en\/alfa-in-a-s-the-leader-of-the-vysocina-region\/#article","isPartOf":{"@id":"https:\/\/medved.alfain.eu\/en\/alfa-in-a-s-the-leader-of-the-vysocina-region\/"},"author":{"name":"Radek Seemann","@id":"https:\/\/medved.alfain.eu\/en\/#\/schema\/person\/ea146f39b4256120e86e6f35a8538cfd"},"headline":"ALFA IN a.s. THE LEADER of the Vyso\u010dina region","datePublished":"2022-09-26T07:26:12+00:00","mainEntityOfPage":{"@id":"https:\/\/medved.alfain.eu\/en\/alfa-in-a-s-the-leader-of-the-vysocina-region\/"},"wordCount":112,"publisher":{"@id":"https:\/\/medved.alfain.eu\/en\/#organization"},"image":{"@id":"https:\/\/medved.alfain.eu\/en\/alfa-in-a-s-the-leader-of-the-vysocina-region\/#primaryimage"},"thumbnailUrl":"https:\/\/medved.alfain.eu\/files\/uploads\/sites\/5\/2020\/12\/Vlasta_foto.jpg","articleSection":{"1":"Video"},"inLanguage":"en-US"},{"@type":"WebPage","@id":"https:\/\/medved.alfain.eu\/en\/alfa-in-a-s-the-leader-of-the-vysocina-region\/","url":"https:\/\/medved.alfain.eu\/en\/alfa-in-a-s-the-leader-of-the-vysocina-region\/","name":"ALFA IN a.s. THE LEADER of the Vyso\u010dina region | MEDVED Power Generator","isPartOf":{"@id":"https:\/\/medved.alfain.eu\/en\/#website"},"primaryImageOfPage":{"@id":"https:\/\/medved.alfain.eu\/en\/alfa-in-a-s-the-leader-of-the-vysocina-region\/#primaryimage"},"image":{"@id":"https:\/\/medved.alfain.eu\/en\/alfa-in-a-s-the-leader-of-the-vysocina-region\/#primaryimage"},"thumbnailUrl":"https:\/\/medved.alfain.eu\/files\/uploads\/sites\/5\/2020\/12\/Vlasta_foto.jpg","datePublished":"2022-09-26T07:26:12+00:00","description":"We became the leader of the Vyso\u010dina region for 2020","breadcrumb":{"@id":"https:\/\/medved.alfain.eu\/en\/alfa-in-a-s-the-leader-of-the-vysocina-region\/#breadcrumb"},"inLanguage":"en-US","potentialAction":[{"@type":"ReadAction","target":["https:\/\/medved.alfain.eu\/en\/alfa-in-a-s-the-leader-of-the-vysocina-region\/"]}]},{"@type":"ImageObject","inLanguage":"en-US","@id":"https:\/\/medved.alfain.eu\/en\/alfa-in-a-s-the-leader-of-the-vysocina-region\/#primaryimage","url":"https:\/\/medved.alfain.eu\/files\/uploads\/sites\/5\/2020\/12\/Vlasta_foto.jpg","contentUrl":"https:\/\/medved.alfain.eu\/files\/uploads\/sites\/5\/2020\/12\/Vlasta_foto.jpg","width":1512,"height":1512},{"@type":"BreadcrumbList","@id":"https:\/\/medved.alfain.eu\/en\/alfa-in-a-s-the-leader-of-the-vysocina-region\/#breadcrumb","itemListElement":[{"@type":"ListItem","position":1,"name":"HOME","item":"https:\/\/medved.alfain.eu\/en\/"},{"@type":"ListItem","position":2,"name":"ALFA IN a.s. THE LEADER of the Vyso\u010dina region"}]},{"@type":"WebSite","@id":"https:\/\/medved.alfain.eu\/en\/#website","url":"https:\/\/medved.alfain.eu\/en\/","name":"Medved","description":"power generator, sources of electrical energy, automatic starts","publisher":{"@id":"https:\/\/medved.alfain.eu\/en\/#organization"},"potentialAction":[{"@type":"SearchAction","target":{"@type":"EntryPoint","urlTemplate":"https:\/\/medved.alfain.eu\/en\/?s={search_term_string}"},"query-input":{"@type":"PropertyValueSpecification","valueRequired":true,"valueName":"search_term_string"}}],"inLanguage":"en-US"},{"@type":"Organization","@id":"https:\/\/medved.alfain.eu\/en\/#organization","name":"Alfa In a.s.","url":"https:\/\/medved.alfain.eu\/en\/","logo":{"@type":"ImageObject","inLanguage":"en-US","@id":"https:\/\/medved.alfain.eu\/en\/#\/schema\/logo\/image\/","url":"https:\/\/medved.alfain.eu\/files\/uploads\/sites\/5\/2020\/11\/logo.svg","contentUrl":"https:\/\/medved.alfain.eu\/files\/uploads\/sites\/5\/2020\/11\/logo.svg","width":200,"height":93,"caption":"Alfa In a.s."},"image":{"@id":"https:\/\/medved.alfain.eu\/en\/#\/schema\/logo\/image\/"},"sameAs":["https:\/\/www.facebook.com\/ALFAINcz","https:\/\/www.instagram.com\/ALFAINcz","https:\/\/www.youtube.com\/ALFAINas"]},{"@type":"Person","@id":"https:\/\/medved.alfain.eu\/en\/#\/schema\/person\/ea146f39b4256120e86e6f35a8538cfd","name":"Radek Seemann","image":{"@type":"ImageObject","inLanguage":"en-US","@id":"https:\/\/secure.gravatar.com\/avatar\/6f55c5b5badc2bf62dc52a936d522ec4c26375fe2597293a56b4130bb2fc65b9?s=96&d=mm&r=g","url":"https:\/\/secure.gravatar.com\/avatar\/6f55c5b5badc2bf62dc52a936d522ec4c26375fe2597293a56b4130bb2fc65b9?s=96&d=mm&r=g","contentUrl":"https:\/\/secure.gravatar.com\/avatar\/6f55c5b5badc2bf62dc52a936d522ec4c26375fe2597293a56b4130bb2fc65b9?s=96&d=mm&r=g","caption":"Radek Seemann"},"sameAs":["http:\/\/www.alfain.eu","www,facebook.com\/alfaincz","www.instagram.com\/alfaincz","www.youtube.com\/alfainas"],"url":"https:\/\/medved.alfain.eu\/en\/author\/seemann\/"}]}},"_links":{"self":[{"href":"https:\/\/medved.alfain.eu\/en\/wp-json\/wp\/v2\/posts\/1371","targetHints":{"allow":["GET"]}}],"collection":[{"href":"https:\/\/medved.alfain.eu\/en\/wp-json\/wp\/v2\/posts"}],"about":[{"href":"https:\/\/medved.alfain.eu\/en\/wp-json\/wp\/v2\/types\/post"}],"author":[{"embeddable":true,"href":"https:\/\/medved.alfain.eu\/en\/wp-json\/wp\/v2\/users\/3"}],"replies":[{"embeddable":true,"href":"https:\/\/medved.alfain.eu\/en\/wp-json\/wp\/v2\/comments?post=1371"}],"version-history":[{"count":1,"href":"https:\/\/medved.alfain.eu\/en\/wp-json\/wp\/v2\/posts\/1371\/revisions"}],"predecessor-version":[{"id":1372,"href":"https:\/\/medved.alfain.eu\/en\/wp-json\/wp\/v2\/posts\/1371\/revisions\/1372"}],"wp:featuredmedia":[{"embeddable":true,"href":"https:\/\/medved.alfain.eu\/en\/wp-json\/wp\/v2\/media\/401"}],"wp:attachment":[{"href":"https:\/\/medved.alfain.eu\/en\/wp-json\/wp\/v2\/media?parent=1371"}],"wp:term":[{"taxonomy":"category","embeddable":true,"href":"https:\/\/medved.alfain.eu\/en\/wp-json\/wp\/v2\/categories?post=1371"},{"taxonomy":"post_tag","embeddable":true,"href":"https:\/\/medved.alfain.eu\/en\/wp-json\/wp\/v2\/tags?post=1371"}],"curies":[{"name":"wp","href":"https:\/\/api.w.org\/{rel}","templated":true}]}}